{"id":8261,"date":"2026-01-16T12:35:43","date_gmt":"2026-01-16T12:35:43","guid":{"rendered":"https:\/\/lands.pt\/?p=8261"},"modified":"2026-01-16T12:36:38","modified_gmt":"2026-01-16T12:36:38","slug":"7-merveilles-naturelles-du-portugal","status":"publish","type":"post","link":"https:\/\/lands.pt\/fr\/7-merveilles-naturelles-du-portugal\/","title":{"rendered":"7 Merveilles Naturelles du Portugal"},"content":{"rendered":"<p><span style=\"font-weight: 400;\">Le Portugal est peut-\u00eatre un petit pays, mais ses paysages sont d\u2019une incroyable diversit\u00e9. En quelques heures, on peut passer de hautes montagnes de granit \u00e0 des for\u00eats anciennes, de lacs volcaniques \u00e0 des falaises maritimes sculpt\u00e9es, de zones humides paisibles \u00e0 des \u00eeles atlantiques fa\u00e7onn\u00e9es par le feu. Ce sont ces contrastes qui font du Portugal une destination si enrichissante pour les amoureux de la nature.<\/span><\/p>\n<p><span style=\"font-weight: 400;\">En 2007, un vote public organis\u00e9 par le minist\u00e8re de la Culture portugais a s\u00e9lectionn\u00e9 les Sept Merveilles <\/span><i><span style=\"font-weight: 400;\">naturel <\/span><\/i><span style=\"font-weight: 400;\">des merveilles naturelles ont \u00e9t\u00e9 s\u00e9lectionn\u00e9es. Nous les listons ci-dessous, en montrant ce qui rend chacune d\u2019elles si sp\u00e9ciale.\u00a0<\/span><\/p>\n<p><span style=\"font-weight: 400;\">Si vous voyagez au Portugal et souhaitez d\u00e9couvrir la splendeur du monde naturel du pays, envisagez de participer \u00e0 l\u2019une de nos <\/span><a href=\"https:\/\/lands.pt\/fr\/excursions-bateau-ecologique\/\"><span style=\"font-weight: 400;\">Excursions en \u00c9co-Bateau pr\u00e8s de Faro<\/span><\/a><span style=\"font-weight: 400;\">.<\/span><\/p>\n<figure id=\"attachment_8263\" aria-describedby=\"caption-attachment-8263\" style=\"width: 1024px\" class=\"wp-caption aligncenter\"><img loading=\"lazy\" decoding=\"async\" class=\"wp-image-8263 size-large\" src=\"https:\/\/lands.pt\/wp-content\/uploads\/2026\/01\/Rio-Lima-1024x768.jpg\" alt=\"\" width=\"1024\" height=\"768\" srcset=\"https:\/\/lands.pt\/wp-content\/uploads\/2026\/01\/Rio-Lima-1024x768.jpg 1024w, https:\/\/lands.pt\/wp-content\/uploads\/2026\/01\/Rio-Lima-300x225.jpg 300w, https:\/\/lands.pt\/wp-content\/uploads\/2026\/01\/Rio-Lima-768x576.jpg 768w, https:\/\/lands.pt\/wp-content\/uploads\/2026\/01\/Rio-Lima-1536x1153.jpg 1536w, https:\/\/lands.pt\/wp-content\/uploads\/2026\/01\/Rio-Lima-16x12.jpg 16w, https:\/\/lands.pt\/wp-content\/uploads\/2026\/01\/Rio-Lima.jpg 1999w\" sizes=\"auto, (max-width: 1024px) 100vw, 1024px\" \/><figcaption id=\"caption-attachment-8263\" class=\"wp-caption-text\">(<a href=\"https:\/\/en.wikipedia.org\/wiki\/Peneda-Ger%C3%AAs_National_Park#\/media\/File:Rio_Lima_1.jpg\" target=\"_blank\" rel=\"noopener\">Source<\/a>: <a href=\"https:\/\/creativecommons.org\/licenses\/by-sa\/3.0\/\" target=\"_blank\" rel=\"noopener\">Licence<\/a>)<\/figcaption><\/figure>\n<p>&nbsp;<\/p>\n<h2><span style=\"font-weight: 400;\">Parc National de Peneda-Ger\u00eas (Nord du Portugal)<\/span><\/h2>\n<p><span style=\"font-weight: 400;\">Au tout nord du Portugal se trouve le Parc National de Peneda-Ger\u00eas, le seul parc national du pays et son paysage le plus sauvage. Des pics granitiques s\u2019\u00e9l\u00e8vent au-dessus de vall\u00e9es profondes, des rivi\u00e8res se frayent un chemin \u00e0 travers les for\u00eats, et des cascades se jettent dans des bassins clairs.<\/span><\/p>\n<p><span style=\"font-weight: 400;\">C\u2019est une terre de traditions s\u00e9culaires et de villages dignes d\u2019une carte postale, o\u00f9 les chevaux Garrano errent encore librement et o\u00f9 d\u2019anciens chemins relient des hameaux isol\u00e9s. C\u2019est un endroit o\u00f9 la nature semble merveilleusement sauvage et vaste. Une destination fantastique pour les amateurs de randonn\u00e9e.\u00a0<\/span><\/p>\n<h2><span style=\"font-weight: 400;\">Parc Naturel de la Ria Formosa (Algarve)<\/span><\/h2>\n<p><span style=\"font-weight: 400;\">La merveille la plus proche de notre c\u0153ur. Le Parc Naturel de la Ria Formosa s\u2019\u00e9tend sur plus de 60 kilom\u00e8tres le long de la c\u00f4te de l\u2019Algarve et est sans aucun doute l\u2019un des meilleurs endroits du pays pour observer la faune.<\/span><\/p>\n<p><span style=\"font-weight: 400;\">Plut\u00f4t qu\u2019un paysage unique, la Ria Formosa est un syst\u00e8me en perp\u00e9tuel mouvement d\u2019\u00eeles-barri\u00e8res, de marais salants, de vasi\u00e8res et de canaux peu profonds. La mer le fa\u00e7onne chaque jour, ouvrant et fermant des passes, inondant les vasi\u00e8res et cr\u00e9ant une mosa\u00efque d\u2019habitats qui soutiennent une biodiversit\u00e9 extraordinaire. Il est particuli\u00e8rement important pour les oiseaux, servant de lieu de repos et d\u2019alimentation pour des milliers d\u2019esp\u00e8ces migratrices tout au long de l\u2019ann\u00e9e.<\/span><\/p>\n<p><span style=\"font-weight: 400;\">La meilleure fa\u00e7on de comprendre la Ria Formosa est depuis l\u2019eau. Un mouvement silencieux r\u00e9v\u00e8le des d\u00e9tails faciles \u00e0 manquer depuis la terre : les flamants se nourrissant dans les eaux peu profondes, les spatules balayant la boue avec leur bec, les motifs subtils laiss\u00e9s par le reflux de la mar\u00e9e.<\/span><\/p>\n<p><span style=\"font-weight: 400;\">C\u2019est ici que <\/span><a href=\"https:\/\/lands.pt\/fr\/excursions-bateau-ecologique\/\"><span style=\"font-weight: 400;\">Excursions en \u00c9co-Bateau de Lands<\/span><\/a><span style=\"font-weight: 400;\"> prennent tout leur sens. Les bateaux propuls\u00e9s \u00e0 l\u2019\u00e9nergie solaire glissent silencieusement sur la lagune, permettant aux visiteurs de d\u00e9couvrir le parc sans d\u00e9ranger sa faune. Pour ceux qui recherchent une connexion encore plus intime, nos <\/span><a href=\"https:\/\/lands.pt\/fr\/excursions-bateau-prive\/\"><span style=\"font-weight: 400;\">Excursions Priv\u00e9es en Bateau<\/span><\/a><span style=\"font-weight: 400;\"> offrent de la flexibilit\u00e9 : la possibilit\u00e9 de choisir les heures de d\u00e9part, de rester l\u00e0 o\u00f9 l\u2019activit\u00e9 des oiseaux est la plus forte et d\u2019explorer des chenaux plus calmes \u00e0 un rythme plus lent.<\/span><\/p>\n<figure id=\"attachment_8262\" aria-describedby=\"caption-attachment-8262\" style=\"width: 1024px\" class=\"wp-caption aligncenter\"><img loading=\"lazy\" decoding=\"async\" class=\"wp-image-8262 size-large\" src=\"https:\/\/lands.pt\/wp-content\/uploads\/2026\/01\/Foggy-Fanal-forest-in-Seixal-1024x683.jpg\" alt=\"\" width=\"1024\" height=\"683\" srcset=\"https:\/\/lands.pt\/wp-content\/uploads\/2026\/01\/Foggy-Fanal-forest-in-Seixal-1024x683.jpg 1024w, https:\/\/lands.pt\/wp-content\/uploads\/2026\/01\/Foggy-Fanal-forest-in-Seixal-300x200.jpg 300w, https:\/\/lands.pt\/wp-content\/uploads\/2026\/01\/Foggy-Fanal-forest-in-Seixal-768x512.jpg 768w, https:\/\/lands.pt\/wp-content\/uploads\/2026\/01\/Foggy-Fanal-forest-in-Seixal-1536x1024.jpg 1536w, https:\/\/lands.pt\/wp-content\/uploads\/2026\/01\/Foggy-Fanal-forest-in-Seixal-18x12.jpg 18w, https:\/\/lands.pt\/wp-content\/uploads\/2026\/01\/Foggy-Fanal-forest-in-Seixal-1500x1000.jpg 1500w, https:\/\/lands.pt\/wp-content\/uploads\/2026\/01\/Foggy-Fanal-forest-in-Seixal.jpg 1999w\" sizes=\"auto, (max-width: 1024px) 100vw, 1024px\" \/><figcaption id=\"caption-attachment-8262\" class=\"wp-caption-text\">(<a href=\"https:\/\/en.wikipedia.org\/wiki\/Madeira_evergreen_forests#\/media\/File:Foggy_Fanal_forest_in_Seixal,_Porto_Moniz,_Madeira,_2023_May.jpg\" target=\"_blank\" rel=\"noopener\">Source<\/a>: <a href=\"https:\/\/creativecommons.org\/licenses\/by-sa\/3.0\/\" target=\"_blank\" rel=\"noopener\">Licence<\/a>)<\/figcaption><\/figure>\n<h2><span style=\"font-weight: 400;\">For\u00eat de Laurisilva (Mad\u00e8re)<\/span><\/h2>\n<p><span style=\"font-weight: 400;\">Sur l\u2019\u00eele de Mad\u00e8re, la For\u00eat de Laurisilva offre un aper\u00e7u du pass\u00e9 lointain de l\u2019Europe. Cette ancienne for\u00eat de lauriers remonte \u00e0 des millions d\u2019ann\u00e9es, ayant surv\u00e9cu aux \u00e8res glaciaires qui ont d\u00e9truit des \u00e9cosyst\u00e8mes similaires ailleurs.<\/span><\/p>\n<p><span style=\"font-weight: 400;\">La brume se glisse \u00e0 travers les arbres recouverts de mousse, de profonds ravins traversent une v\u00e9g\u00e9tation dense, et les plantes end\u00e9miques prosp\u00e8rent dans l\u2019air humide. Marcher ici, c\u2019est comme entrer dans une autre \u00e9poque \u2013 silencieuse, myst\u00e9rieuse, primordiale et tout \u00e0 fait unique en Europe.<\/span><\/p>\n<figure id=\"attachment_8264\" aria-describedby=\"caption-attachment-8264\" style=\"width: 1024px\" class=\"wp-caption aligncenter\"><img loading=\"lazy\" decoding=\"async\" class=\"wp-image-8264 size-large\" src=\"https:\/\/lands.pt\/wp-content\/uploads\/2026\/01\/Sete-Cidades-Protected-Landscape-Area-1024x666.jpg\" alt=\"\" width=\"1024\" height=\"666\" srcset=\"https:\/\/lands.pt\/wp-content\/uploads\/2026\/01\/Sete-Cidades-Protected-Landscape-Area-1024x666.jpg 1024w, https:\/\/lands.pt\/wp-content\/uploads\/2026\/01\/Sete-Cidades-Protected-Landscape-Area-300x195.jpg 300w, https:\/\/lands.pt\/wp-content\/uploads\/2026\/01\/Sete-Cidades-Protected-Landscape-Area-768x500.jpg 768w, https:\/\/lands.pt\/wp-content\/uploads\/2026\/01\/Sete-Cidades-Protected-Landscape-Area-1536x1000.jpg 1536w, https:\/\/lands.pt\/wp-content\/uploads\/2026\/01\/Sete-Cidades-Protected-Landscape-Area-18x12.jpg 18w, https:\/\/lands.pt\/wp-content\/uploads\/2026\/01\/Sete-Cidades-Protected-Landscape-Area.jpg 1999w\" sizes=\"auto, (max-width: 1024px) 100vw, 1024px\" \/><figcaption id=\"caption-attachment-8264\" class=\"wp-caption-text\">(<a href=\"https:\/\/en.wikipedia.org\/wiki\/Sete_Cidades_(Ponta_Delgada)#\/media\/File:Zona_de_Paisagem_Protegida_das_Sete_Cidades_-_2017-04-23.jpg\" target=\"_blank\" rel=\"noopener\">Source:<\/a> <a href=\"https:\/\/creativecommons.org\/licenses\/by-sa\/3.0\/\" target=\"_blank\" rel=\"noopener\">Licence<\/a>)<\/figcaption><\/figure>\n<h2><span style=\"font-weight: 400;\">Sete Cidades (A\u00e7ores)<\/span><\/h2>\n<p><span style=\"font-weight: 400;\">Sur l\u2019\u00eele de S\u00e3o Miguel, aux A\u00e7ores, Sete Cidades se situe \u00e0 l\u2019int\u00e9rieur d\u2019une vaste caldeira volcanique. Deux lacs \u2013 l\u2019un bleu, l\u2019autre vert \u2013 se tiennent c\u00f4te \u00e0 c\u00f4te, refl\u00e9tant le ciel et les parois du crat\u00e8re qui les entourent.<\/span><\/p>\n<p><span style=\"font-weight: 400;\">Le contraste des couleurs, combin\u00e9 \u00e0 l\u2019ampleur de la caldeira, cr\u00e9e l\u2019une des vues naturelles les plus embl\u00e9matiques du Portugal. C\u2019est un rappel que les merveilles du pays s\u2019\u00e9tendent bien au-del\u00e0 du continent.<\/span><\/p>\n<h2><span style=\"font-weight: 400;\">Grottes de Mira de Aire (Portugal Central)<\/span><\/h2>\n<p><span style=\"font-weight: 400;\">Sous les collines du centre du Portugal se trouvent les Grottes de Mira de Aire, un monde souterrain de chambres imposantes et de pierre sculpt\u00e9e.<\/span><\/p>\n<p><span style=\"font-weight: 400;\">Les stalactites et stalagmites s\u2019\u00e9l\u00e8vent et s\u2019abaissent comme des cascades fig\u00e9es, form\u00e9es goutte \u00e0 goutte sur des milliers d\u2019ann\u00e9es. Entrer dans les grottes, c\u2019est comme p\u00e9n\u00e9trer dans une dimension cach\u00e9e \u2013 fra\u00eeche, silencieuse et enti\u00e8rement fa\u00e7onn\u00e9e par la patience.<\/span><\/p>\n<h2><span style=\"font-weight: 400;\">Paysage Volcanique de l\u2019\u00cele de Pico (A\u00e7ores)<\/span><\/h2>\n<p><span style=\"font-weight: 400;\">\u00c9mergeant de l\u2019Atlantique Nord comme un g\u00e9ant gardien de la mer, le Paysage Volcanique de l\u2019\u00cele de Pico est un t\u00e9moignage saisissant de la puissance et de la po\u00e9sie de la formation volcanique. Ce paysage, domin\u00e9 par le Pico, le plus haut sommet du Portugal avec 2 351 m, a \u00e9t\u00e9 reconnu comme l\u2019une des Sept Merveilles Naturelles du Portugal pour sa g\u00e9ologie spectaculaire et son impact visuel exceptionnel.<\/span><\/p>\n<p><span style=\"font-weight: 400;\">Le terrain du Pico est le produit du volcanisme basaltique, qui a cr\u00e9\u00e9 de vastes champs de lave, des c\u00f4nes et des crat\u00e8res sur des centaines de milliers d\u2019ann\u00e9es. Ces coul\u00e9es de lave se sont \u00e9tendues uniform\u00e9ment sur la surface de l\u2019\u00eele, formant des couches de roche sculpt\u00e9e et des surfaces accident\u00e9es t\u00e9moignant d\u2019\u00e9ruptions puissantes.<\/span><\/p>\n<p><span style=\"font-weight: 400;\">La dramatique silhouette conique du Pico s\u2019\u00e9l\u00e8ve brusquement au-dessus des \u00eeles voisines, offrant un paysage de contrastes : des pentes abruptes et escarp\u00e9es pr\u00e8s du sommet aux prairies verdoyantes et aux vignobles plus proches de la c\u00f4te. Les vignobles de l\u2019\u00eele, plant\u00e9s parmi d\u2019anciennes roches de lave, ont m\u00eame re\u00e7u la reconnaissance de l\u2019UNESCO pour leur paysage culturel, rappelant aux visiteurs comment la nature et la vie humaine se sont \u00e9quilibr\u00e9es ici depuis des si\u00e8cles.<\/span><\/p>\n<figure id=\"attachment_8265\" aria-describedby=\"caption-attachment-8265\" style=\"width: 1024px\" class=\"wp-caption aligncenter\"><img loading=\"lazy\" decoding=\"async\" class=\"wp-image-8265 size-large\" src=\"https:\/\/lands.pt\/wp-content\/uploads\/2026\/01\/View-of-the-southern-slope-of-Portinho-da-Arrabida-bay-1024x768.jpg\" alt=\"\" width=\"1024\" height=\"768\" srcset=\"https:\/\/lands.pt\/wp-content\/uploads\/2026\/01\/View-of-the-southern-slope-of-Portinho-da-Arrabida-bay-1024x768.jpg 1024w, https:\/\/lands.pt\/wp-content\/uploads\/2026\/01\/View-of-the-southern-slope-of-Portinho-da-Arrabida-bay-300x225.jpg 300w, https:\/\/lands.pt\/wp-content\/uploads\/2026\/01\/View-of-the-southern-slope-of-Portinho-da-Arrabida-bay-768x576.jpg 768w, https:\/\/lands.pt\/wp-content\/uploads\/2026\/01\/View-of-the-southern-slope-of-Portinho-da-Arrabida-bay-1536x1153.jpg 1536w, https:\/\/lands.pt\/wp-content\/uploads\/2026\/01\/View-of-the-southern-slope-of-Portinho-da-Arrabida-bay-16x12.jpg 16w, https:\/\/lands.pt\/wp-content\/uploads\/2026\/01\/View-of-the-southern-slope-of-Portinho-da-Arrabida-bay.jpg 1999w\" sizes=\"auto, (max-width: 1024px) 100vw, 1024px\" \/><figcaption id=\"caption-attachment-8265\" class=\"wp-caption-text\">(<a href=\"https:\/\/it.wikipedia.org\/wiki\/Portinho_da_Arr%C3%A1bida#\/media\/File:Portinho_da_Arr%C3%A1bida_I.jpg\" target=\"_blank\" rel=\"noopener\">Source<\/a>: <a href=\"https:\/\/creativecommons.org\/licenses\/by-sa\/3.0\/\" target=\"_blank\" rel=\"noopener\">Licence<\/a>)<\/figcaption><\/figure>\n<h2><span style=\"font-weight: 400;\">Portinho da Arr\u00e1bida (District de Set\u00fabal)<\/span><\/h2>\n<p><span style=\"font-weight: 400;\">Sur la c\u00f4te ouest du Portugal, pr\u00e8s de Set\u00fabal, Portinho da Arr\u00e1bida r\u00e9v\u00e8le une autre forme de grandeur : d\u2019imposantes falaises de calcaire qui tombent abruptement dans une eau claire vert \u00e9meraude.<\/span><\/p>\n<p><span style=\"font-weight: 400;\">Les falaises de Portinho da Arr\u00e1bida ont \u00e9t\u00e9 sculpt\u00e9es pendant des mill\u00e9naires par l\u2019action du vent et des vagues, cr\u00e9ant des escarpements abrupts et des criques abrit\u00e9es qui contrastent avec les \u00e9tendues de sable en contrebas. La couleur de la mer ici \u2013 un m\u00e9lange vif de turquoise, de jade et de bleu profond \u2013 est d\u2019autant plus frappante avec le calcaire p\u00e2le au-dessus.<\/span><\/p>\n<p><span style=\"font-weight: 400;\">Cet amphith\u00e9\u00e2tre naturel de pierre et d\u2019eau allie drame g\u00e9ologique et biodiversit\u00e9 remarquable. Les collines environnantes de l\u2019Arr\u00e1bida abritent une riche flore m\u00e9diterran\u00e9enne, et les baies abrit\u00e9es sont peupl\u00e9es d\u2019une vie marine abondante, faisant de ce lieu un site pris\u00e9 des nageurs, des plongeurs en apn\u00e9e et de tous ceux attir\u00e9s par la beaut\u00e9 c\u00f4ti\u00e8re \u00e0 l\u2019\u00e9tat pur.<\/span><\/p>\n<p><span style=\"font-weight: 400;\">Des lagunes tranquilles et des sommets montagneux aux for\u00eats anciennes et aux lacs volcaniques, les merveilles naturelles du Portugal r\u00e9v\u00e8lent un pays fa\u00e7onn\u00e9 autant par l\u2019eau et la lave que par la culture.<\/span><\/p>\n<p><span style=\"font-weight: 400;\">Parmi elles, la Ria Formosa se distingue par son caract\u00e8re vivant et respirant. C\u2019est un paysage qui change chaque jour et qui invite les visiteurs \u00e0 ralentir et \u00e0 observer. La d\u00e9couvrir \u00e0 bord d\u2019un bateau \u00e9cologique, notamment lors d\u2019un <\/span><a href=\"https:\/\/lands.pt\/fr\/excursions-bateau-prive\/\"><span style=\"font-weight: 400;\">Excursions Priv\u00e9es en Bateau pr\u00e8s de Faro<\/span><\/a><span style=\"font-weight: 400;\">, offre une occasion rare de se connecter avec l\u2019un des \u00e9cosyst\u00e8mes les plus importants du Portugal \u00e0 hauteur des yeux.<\/span><\/p>","protected":false},"excerpt":{"rendered":"<p>D\u00e9couvrez les 7 Merveilles Naturelles du Portugal, des parcs montagneux et lacs volcaniques jusqu\u2019\u00e0 la lagune vivante de la Ria Formosa, explor\u00e9e \u00e0 bord d\u2019un bateau \u00e9cologique.<\/p>","protected":false},"author":1,"featured_media":8262,"comment_status":"open","ping_status":"open","sticky":false,"template":"","format":"standard","meta":{"inline_featured_image":false,"_joinchat":[],"footnotes":""},"categories":[2],"tags":[],"class_list":["post-8261","post","type-post","status-publish","format-standard","has-post-thumbnail","hentry","category-blog"],"yoast_head":"<!-- This site is optimized with the Yoast SEO plugin v26.9 - https:\/\/yoast.com\/product\/yoast-seo-wordpress\/ -->\n<title>The 7 Natural Wonders of Portugal | Lands - Turismo na Natureza<\/title>\n<meta name=\"description\" content=\"Discover the 7 Natural Wonders of Portugal, from mountain parks and volcanic lakes to the living lagoon of Ria Formosa, explored by eco-friendly boat.\" \/>\n<meta name=\"robots\" content=\"index, follow, max-snippet:-1, max-image-preview:large, max-video-preview:-1\" \/>\n<link rel=\"canonical\" href=\"https:\/\/lands.pt\/fr\/7-merveilles-naturelles-du-portugal\/\" \/>\n<meta property=\"og:locale\" content=\"fr_FR\" \/>\n<meta property=\"og:type\" content=\"article\" \/>\n<meta property=\"og:title\" content=\"The 7 Natural Wonders of Portugal | Lands - Turismo na Natureza\" \/>\n<meta property=\"og:description\" content=\"Discover the 7 Natural Wonders of Portugal, from mountain parks and volcanic lakes to the living lagoon of Ria Formosa, explored by eco-friendly boat.\" \/>\n<meta property=\"og:url\" content=\"https:\/\/lands.pt\/fr\/7-merveilles-naturelles-du-portugal\/\" \/>\n<meta property=\"og:site_name\" content=\"Lands - Turismo na Natureza\" \/>\n<meta property=\"article:published_time\" content=\"2026-01-16T12:35:43+00:00\" \/>\n<meta property=\"article:modified_time\" content=\"2026-01-16T12:36:38+00:00\" \/>\n<meta property=\"og:image\" content=\"https:\/\/lands.pt\/wp-content\/uploads\/2026\/01\/Foggy-Fanal-forest-in-Seixal.jpg\" \/>\n\t<meta property=\"og:image:width\" content=\"1999\" \/>\n\t<meta property=\"og:image:height\" content=\"1333\" \/>\n\t<meta property=\"og:image:type\" content=\"image\/jpeg\" \/>\n<meta name=\"author\" content=\"Lands\" \/>\n<meta name=\"twitter:card\" content=\"summary_large_image\" \/>\n<meta name=\"twitter:label1\" content=\"\u00c9crit par\" \/>\n\t<meta name=\"twitter:data1\" content=\"Lands\" \/>\n\t<meta name=\"twitter:label2\" content=\"Dur\u00e9e de lecture estim\u00e9e\" \/>\n\t<meta name=\"twitter:data2\" content=\"6 minutes\" \/>\n<script type=\"application\/ld+json\" class=\"yoast-schema-graph\">{\"@context\":\"https:\/\/schema.org\",\"@graph\":[{\"@type\":\"Article\",\"@id\":\"https:\/\/lands.pt\/7-natural-wonders-of-portugal\/#article\",\"isPartOf\":{\"@id\":\"https:\/\/lands.pt\/7-natural-wonders-of-portugal\/\"},\"author\":{\"name\":\"Lands\",\"@id\":\"https:\/\/lands.pt\/es\/#\/schema\/person\/fb497164ea59040e3c756b7095d2e485\"},\"headline\":\"7 Natural Wonders of Portugal\",\"datePublished\":\"2026-01-16T12:35:43+00:00\",\"dateModified\":\"2026-01-16T12:36:38+00:00\",\"mainEntityOfPage\":{\"@id\":\"https:\/\/lands.pt\/7-natural-wonders-of-portugal\/\"},\"wordCount\":1072,\"commentCount\":0,\"publisher\":{\"@id\":\"https:\/\/lands.pt\/es\/#organization\"},\"image\":{\"@id\":\"https:\/\/lands.pt\/7-natural-wonders-of-portugal\/#primaryimage\"},\"thumbnailUrl\":\"https:\/\/lands.pt\/wp-content\/uploads\/2026\/01\/Foggy-Fanal-forest-in-Seixal.jpg\",\"articleSection\":[\"Blog\"],\"inLanguage\":\"fr-FR\",\"potentialAction\":[{\"@type\":\"CommentAction\",\"name\":\"Comment\",\"target\":[\"https:\/\/lands.pt\/7-natural-wonders-of-portugal\/#respond\"]}]},{\"@type\":\"WebPage\",\"@id\":\"https:\/\/lands.pt\/7-natural-wonders-of-portugal\/\",\"url\":\"https:\/\/lands.pt\/7-natural-wonders-of-portugal\/\",\"name\":\"The 7 Natural Wonders of Portugal | Lands - Turismo na Natureza\",\"isPartOf\":{\"@id\":\"https:\/\/lands.pt\/es\/#website\"},\"primaryImageOfPage\":{\"@id\":\"https:\/\/lands.pt\/7-natural-wonders-of-portugal\/#primaryimage\"},\"image\":{\"@id\":\"https:\/\/lands.pt\/7-natural-wonders-of-portugal\/#primaryimage\"},\"thumbnailUrl\":\"https:\/\/lands.pt\/wp-content\/uploads\/2026\/01\/Foggy-Fanal-forest-in-Seixal.jpg\",\"datePublished\":\"2026-01-16T12:35:43+00:00\",\"dateModified\":\"2026-01-16T12:36:38+00:00\",\"description\":\"Discover the 7 Natural Wonders of Portugal, from mountain parks and volcanic lakes to the living lagoon of Ria Formosa, explored by eco-friendly boat.\",\"breadcrumb\":{\"@id\":\"https:\/\/lands.pt\/7-natural-wonders-of-portugal\/#breadcrumb\"},\"inLanguage\":\"fr-FR\",\"potentialAction\":[{\"@type\":\"ReadAction\",\"target\":[\"https:\/\/lands.pt\/7-natural-wonders-of-portugal\/\"]}]},{\"@type\":\"ImageObject\",\"inLanguage\":\"fr-FR\",\"@id\":\"https:\/\/lands.pt\/7-natural-wonders-of-portugal\/#primaryimage\",\"url\":\"https:\/\/lands.pt\/wp-content\/uploads\/2026\/01\/Foggy-Fanal-forest-in-Seixal.jpg\",\"contentUrl\":\"https:\/\/lands.pt\/wp-content\/uploads\/2026\/01\/Foggy-Fanal-forest-in-Seixal.jpg\",\"width\":1999,\"height\":1333},{\"@type\":\"BreadcrumbList\",\"@id\":\"https:\/\/lands.pt\/7-natural-wonders-of-portugal\/#breadcrumb\",\"itemListElement\":[{\"@type\":\"ListItem\",\"position\":1,\"name\":\"Home\",\"item\":\"https:\/\/lands.pt\/\"},{\"@type\":\"ListItem\",\"position\":2,\"name\":\"7 Natural Wonders of Portugal\"}]},{\"@type\":\"WebSite\",\"@id\":\"https:\/\/lands.pt\/es\/#website\",\"url\":\"https:\/\/lands.pt\/es\/\",\"name\":\"Lands - Turismo na Natureza\",\"description\":\"Eco-friendly Boat Trips &amp; Tours in Ria Formosa, Faro - Algarve\",\"publisher\":{\"@id\":\"https:\/\/lands.pt\/es\/#organization\"},\"potentialAction\":[{\"@type\":\"SearchAction\",\"target\":{\"@type\":\"EntryPoint\",\"urlTemplate\":\"https:\/\/lands.pt\/es\/?s={search_term_string}\"},\"query-input\":{\"@type\":\"PropertyValueSpecification\",\"valueRequired\":true,\"valueName\":\"search_term_string\"}}],\"inLanguage\":\"fr-FR\"},{\"@type\":\"Organization\",\"@id\":\"https:\/\/lands.pt\/es\/#organization\",\"name\":\"Lands\",\"url\":\"https:\/\/lands.pt\/es\/\",\"logo\":{\"@type\":\"ImageObject\",\"inLanguage\":\"fr-FR\",\"@id\":\"https:\/\/lands.pt\/es\/#\/schema\/logo\/image\/\",\"url\":\"https:\/\/lands.pt\/wp-content\/uploads\/2020\/11\/12.png\",\"contentUrl\":\"https:\/\/lands.pt\/wp-content\/uploads\/2020\/11\/12.png\",\"width\":424,\"height\":183,\"caption\":\"Lands\"},\"image\":{\"@id\":\"https:\/\/lands.pt\/es\/#\/schema\/logo\/image\/\"}},{\"@type\":\"Person\",\"@id\":\"https:\/\/lands.pt\/es\/#\/schema\/person\/fb497164ea59040e3c756b7095d2e485\",\"name\":\"Lands\",\"image\":{\"@type\":\"ImageObject\",\"inLanguage\":\"fr-FR\",\"@id\":\"https:\/\/lands.pt\/es\/#\/schema\/person\/image\/\",\"url\":\"https:\/\/secure.gravatar.com\/avatar\/74c9fc93de65e692ab4cb5e025eb857bcf03f584af1bfd277ff43a28889cba7c?s=96&d=mm&r=g\",\"contentUrl\":\"https:\/\/secure.gravatar.com\/avatar\/74c9fc93de65e692ab4cb5e025eb857bcf03f584af1bfd277ff43a28889cba7c?s=96&d=mm&r=g\",\"caption\":\"Lands\"},\"sameAs\":[\"https:\/\/lands.pt\"],\"url\":\"https:\/\/lands.pt\/fr\/author\/admin\/\"}]}<\/script>\n<!-- \/ Yoast SEO plugin. -->","yoast_head_json":{"title":"Les 7 Merveilles Naturelles du Portugal | Lands - Tourisme dans la Nature","description":"D\u00e9couvrez les 7 Merveilles Naturelles du Portugal, des parcs montagneux et lacs volcaniques jusqu\u2019\u00e0 la lagune vivante de la Ria Formosa, explor\u00e9e \u00e0 bord d\u2019un bateau \u00e9cologique.","robots":{"index":"index","follow":"follow","max-snippet":"max-snippet:-1","max-image-preview":"max-image-preview:large","max-video-preview":"max-video-preview:-1"},"canonical":"https:\/\/lands.pt\/fr\/7-merveilles-naturelles-du-portugal\/","og_locale":"fr_FR","og_type":"article","og_title":"The 7 Natural Wonders of Portugal | Lands - Turismo na Natureza","og_description":"Discover the 7 Natural Wonders of Portugal, from mountain parks and volcanic lakes to the living lagoon of Ria Formosa, explored by eco-friendly boat.","og_url":"https:\/\/lands.pt\/fr\/7-merveilles-naturelles-du-portugal\/","og_site_name":"Lands - Turismo na Natureza","article_published_time":"2026-01-16T12:35:43+00:00","article_modified_time":"2026-01-16T12:36:38+00:00","og_image":[{"width":1999,"height":1333,"url":"https:\/\/lands.pt\/wp-content\/uploads\/2026\/01\/Foggy-Fanal-forest-in-Seixal.jpg","type":"image\/jpeg"}],"author":"Lands","twitter_card":"summary_large_image","twitter_misc":{"\u00c9crit par":"Lands","Dur\u00e9e de lecture estim\u00e9e":"6 minutes"},"schema":{"@context":"https:\/\/schema.org","@graph":[{"@type":"Article","@id":"https:\/\/lands.pt\/7-natural-wonders-of-portugal\/#article","isPartOf":{"@id":"https:\/\/lands.pt\/7-natural-wonders-of-portugal\/"},"author":{"name":"Lands","@id":"https:\/\/lands.pt\/es\/#\/schema\/person\/fb497164ea59040e3c756b7095d2e485"},"headline":"7 Natural Wonders of Portugal","datePublished":"2026-01-16T12:35:43+00:00","dateModified":"2026-01-16T12:36:38+00:00","mainEntityOfPage":{"@id":"https:\/\/lands.pt\/7-natural-wonders-of-portugal\/"},"wordCount":1072,"commentCount":0,"publisher":{"@id":"https:\/\/lands.pt\/es\/#organization"},"image":{"@id":"https:\/\/lands.pt\/7-natural-wonders-of-portugal\/#primaryimage"},"thumbnailUrl":"https:\/\/lands.pt\/wp-content\/uploads\/2026\/01\/Foggy-Fanal-forest-in-Seixal.jpg","articleSection":["Blog"],"inLanguage":"fr-FR","potentialAction":[{"@type":"CommentAction","name":"Comment","target":["https:\/\/lands.pt\/7-natural-wonders-of-portugal\/#respond"]}]},{"@type":"WebPage","@id":"https:\/\/lands.pt\/7-natural-wonders-of-portugal\/","url":"https:\/\/lands.pt\/7-natural-wonders-of-portugal\/","name":"Les 7 Merveilles Naturelles du Portugal | Lands - Tourisme dans la Nature","isPartOf":{"@id":"https:\/\/lands.pt\/es\/#website"},"primaryImageOfPage":{"@id":"https:\/\/lands.pt\/7-natural-wonders-of-portugal\/#primaryimage"},"image":{"@id":"https:\/\/lands.pt\/7-natural-wonders-of-portugal\/#primaryimage"},"thumbnailUrl":"https:\/\/lands.pt\/wp-content\/uploads\/2026\/01\/Foggy-Fanal-forest-in-Seixal.jpg","datePublished":"2026-01-16T12:35:43+00:00","dateModified":"2026-01-16T12:36:38+00:00","description":"D\u00e9couvrez les 7 Merveilles Naturelles du Portugal, des parcs montagneux et lacs volcaniques jusqu\u2019\u00e0 la lagune vivante de la Ria Formosa, explor\u00e9e \u00e0 bord d\u2019un bateau \u00e9cologique.","breadcrumb":{"@id":"https:\/\/lands.pt\/7-natural-wonders-of-portugal\/#breadcrumb"},"inLanguage":"fr-FR","potentialAction":[{"@type":"ReadAction","target":["https:\/\/lands.pt\/7-natural-wonders-of-portugal\/"]}]},{"@type":"ImageObject","inLanguage":"fr-FR","@id":"https:\/\/lands.pt\/7-natural-wonders-of-portugal\/#primaryimage","url":"https:\/\/lands.pt\/wp-content\/uploads\/2026\/01\/Foggy-Fanal-forest-in-Seixal.jpg","contentUrl":"https:\/\/lands.pt\/wp-content\/uploads\/2026\/01\/Foggy-Fanal-forest-in-Seixal.jpg","width":1999,"height":1333},{"@type":"BreadcrumbList","@id":"https:\/\/lands.pt\/7-natural-wonders-of-portugal\/#breadcrumb","itemListElement":[{"@type":"ListItem","position":1,"name":"Home","item":"https:\/\/lands.pt\/"},{"@type":"ListItem","position":2,"name":"7 Natural Wonders of Portugal"}]},{"@type":"WebSite","@id":"https:\/\/lands.pt\/es\/#website","url":"https:\/\/lands.pt\/es\/","name":"Lands - Tourisme de nature","description":"Circuits et Excursions en Bateau sur la Ria Formosa et Faro","publisher":{"@id":"https:\/\/lands.pt\/es\/#organization"},"potentialAction":[{"@type":"SearchAction","target":{"@type":"EntryPoint","urlTemplate":"https:\/\/lands.pt\/es\/?s={search_term_string}"},"query-input":{"@type":"PropertyValueSpecification","valueRequired":true,"valueName":"search_term_string"}}],"inLanguage":"fr-FR"},{"@type":"Organization","@id":"https:\/\/lands.pt\/es\/#organization","name":"Lands","url":"https:\/\/lands.pt\/es\/","logo":{"@type":"ImageObject","inLanguage":"fr-FR","@id":"https:\/\/lands.pt\/es\/#\/schema\/logo\/image\/","url":"https:\/\/lands.pt\/wp-content\/uploads\/2020\/11\/12.png","contentUrl":"https:\/\/lands.pt\/wp-content\/uploads\/2020\/11\/12.png","width":424,"height":183,"caption":"Lands"},"image":{"@id":"https:\/\/lands.pt\/es\/#\/schema\/logo\/image\/"}},{"@type":"Person","@id":"https:\/\/lands.pt\/es\/#\/schema\/person\/fb497164ea59040e3c756b7095d2e485","name":"Lands","image":{"@type":"ImageObject","inLanguage":"fr-FR","@id":"https:\/\/lands.pt\/es\/#\/schema\/person\/image\/","url":"https:\/\/secure.gravatar.com\/avatar\/74c9fc93de65e692ab4cb5e025eb857bcf03f584af1bfd277ff43a28889cba7c?s=96&d=mm&r=g","contentUrl":"https:\/\/secure.gravatar.com\/avatar\/74c9fc93de65e692ab4cb5e025eb857bcf03f584af1bfd277ff43a28889cba7c?s=96&d=mm&r=g","caption":"Lands"},"sameAs":["https:\/\/lands.pt"],"url":"https:\/\/lands.pt\/fr\/author\/admin\/"}]}},"_links":{"self":[{"href":"https:\/\/lands.pt\/fr\/wp-json\/wp\/v2\/posts\/8261","targetHints":{"allow":["GET"]}}],"collection":[{"href":"https:\/\/lands.pt\/fr\/wp-json\/wp\/v2\/posts"}],"about":[{"href":"https:\/\/lands.pt\/fr\/wp-json\/wp\/v2\/types\/post"}],"author":[{"embeddable":true,"href":"https:\/\/lands.pt\/fr\/wp-json\/wp\/v2\/users\/1"}],"replies":[{"embeddable":true,"href":"https:\/\/lands.pt\/fr\/wp-json\/wp\/v2\/comments?post=8261"}],"version-history":[{"count":2,"href":"https:\/\/lands.pt\/fr\/wp-json\/wp\/v2\/posts\/8261\/revisions"}],"predecessor-version":[{"id":8267,"href":"https:\/\/lands.pt\/fr\/wp-json\/wp\/v2\/posts\/8261\/revisions\/8267"}],"wp:featuredmedia":[{"embeddable":true,"href":"https:\/\/lands.pt\/fr\/wp-json\/wp\/v2\/media\/8262"}],"wp:attachment":[{"href":"https:\/\/lands.pt\/fr\/wp-json\/wp\/v2\/media?parent=8261"}],"wp:term":[{"taxonomy":"category","embeddable":true,"href":"https:\/\/lands.pt\/fr\/wp-json\/wp\/v2\/categories?post=8261"},{"taxonomy":"post_tag","embeddable":true,"href":"https:\/\/lands.pt\/fr\/wp-json\/wp\/v2\/tags?post=8261"}],"curies":[{"name":"wp","href":"https:\/\/api.w.org\/{rel}","templated":true}]}}